{"id":1489,"date":"2025-03-30T21:43:35","date_gmt":"2025-03-30T19:43:35","guid":{"rendered":"https:\/\/schmidt-film.com\/karl-schmitt-rottluff-pasion-y-rebelion\/"},"modified":"2025-03-30T22:07:40","modified_gmt":"2025-03-30T20:07:40","slug":"karl-schmitt-rottluff-pasion-y-rebelion","status":"publish","type":"post","link":"https:\/\/schmidt-film.com\/es\/karl-schmitt-rottluff-pasion-y-rebelion\/","title":{"rendered":"Fechas de emisi\u00f3n &#8211; Karl Schmitt-Rottluff."},"content":{"rendered":"<h2>Karl Schmitt-Rottluff &#8211; Pasi\u00f3n y rebeli\u00f3n<\/h2>\n<ul>\n<li>13.4. a las 16:45 arte Preview <\/li>\n<li>6.4. 14 h en Chemnitz en presencia del Primer Ministro saj\u00f3n Michael Kretschmer <\/li>\n<\/ul>\n","protected":false},"excerpt":{"rendered":"<p>Karl Schmitt-Rottluff &#8211; Pasi\u00f3n y rebeli\u00f3n 13.4. a las 16:45 arte Preview 6.4. 14 h en Chemnitz en presencia del Primer Ministro saj\u00f3n Michael Kretschmer<\/p>\n","protected":false},"author":1,"featured_media":776,"comment_status":"closed","ping_status":"open","sticky":false,"template":"","format":"standard","meta":{"inline_featured_image":false,"footnotes":""},"categories":[38],"tags":[],"class_list":{"0":"post-1489","1":"post","2":"type-post","3":"status-publish","4":"format-standard","5":"has-post-thumbnail","7":"category-actual"},"yoast_head":"<!-- This site is optimized with the Yoast SEO plugin v27.5 - https:\/\/yoast.com\/product\/yoast-seo-wordpress\/ -->\n<title>Fechas de emisi\u00f3n - Karl Schmitt-Rottluff. - Anna Schmidt. schmidtFilm. Film- und Fernsehproduktion<\/title>\n<meta name=\"description\" content=\"Fechas de emisi\u00f3n13.4. a las 16:45 arte PreviewChemnitz el 6.4. a las 14:00 en presencia del Ministro Presidente de Sajonia\" \/>\n<meta name=\"robots\" content=\"index, follow, max-snippet:-1, max-image-preview:large, max-video-preview:-1\" \/>\n<link rel=\"canonical\" href=\"https:\/\/schmidt-film.com\/es\/karl-schmitt-rottluff-pasion-y-rebelion\/\" \/>\n<meta property=\"og:locale\" content=\"es_ES\" \/>\n<meta property=\"og:type\" content=\"article\" \/>\n<meta property=\"og:title\" content=\"Fechas de emisi\u00f3n - Karl Schmitt-Rottluff. - Anna Schmidt. schmidtFilm. Film- und Fernsehproduktion\" \/>\n<meta property=\"og:description\" content=\"Fechas de emisi\u00f3n13.4. a las 16:45 arte PreviewChemnitz el 6.4. a las 14:00 en presencia del Ministro Presidente de Sajonia\" \/>\n<meta property=\"og:url\" content=\"https:\/\/schmidt-film.com\/es\/karl-schmitt-rottluff-pasion-y-rebelion\/\" \/>\n<meta property=\"og:site_name\" content=\"Anna Schmidt. schmidtFilm. Film- und Fernsehproduktion\" \/>\n<meta property=\"article:published_time\" content=\"2025-03-30T19:43:35+00:00\" \/>\n<meta property=\"article:modified_time\" content=\"2025-03-30T20:07:40+00:00\" \/>\n<meta property=\"og:image\" content=\"https:\/\/schmidt-film.com\/wp-content\/uploads\/2025\/03\/KSR_Kunstsammlung_Chemnitz_3-scaled.jpg\" \/>\n\t<meta property=\"og:image:width\" content=\"2560\" \/>\n\t<meta property=\"og:image:height\" content=\"1440\" \/>\n\t<meta property=\"og:image:type\" content=\"image\/jpeg\" \/>\n<meta name=\"author\" content=\"schmidtfilm\" \/>\n<meta name=\"twitter:card\" content=\"summary_large_image\" \/>\n<meta name=\"twitter:label1\" content=\"Escrito por\" \/>\n\t<meta name=\"twitter:data1\" content=\"schmidtfilm\" \/>\n<script type=\"application\/ld+json\" class=\"yoast-schema-graph\">{\"@context\":\"https:\\\/\\\/schema.org\",\"@graph\":[{\"@type\":\"Article\",\"@id\":\"https:\\\/\\\/schmidt-film.com\\\/es\\\/karl-schmitt-rottluff-pasion-y-rebelion\\\/#article\",\"isPartOf\":{\"@id\":\"https:\\\/\\\/schmidt-film.com\\\/es\\\/karl-schmitt-rottluff-pasion-y-rebelion\\\/\"},\"author\":{\"name\":\"schmidtfilm\",\"@id\":\"https:\\\/\\\/schmidt-film.com\\\/es\\\/#\\\/schema\\\/person\\\/583d534a9569fcf1788758e42f8ebc59\"},\"headline\":\"Fechas de emisi\u00f3n &#8211; Karl Schmitt-Rottluff.\",\"datePublished\":\"2025-03-30T19:43:35+00:00\",\"dateModified\":\"2025-03-30T20:07:40+00:00\",\"mainEntityOfPage\":{\"@id\":\"https:\\\/\\\/schmidt-film.com\\\/es\\\/karl-schmitt-rottluff-pasion-y-rebelion\\\/\"},\"wordCount\":31,\"publisher\":{\"@id\":\"https:\\\/\\\/schmidt-film.com\\\/es\\\/#organization\"},\"image\":{\"@id\":\"https:\\\/\\\/schmidt-film.com\\\/es\\\/karl-schmitt-rottluff-pasion-y-rebelion\\\/#primaryimage\"},\"thumbnailUrl\":\"https:\\\/\\\/schmidt-film.com\\\/wp-content\\\/uploads\\\/2025\\\/03\\\/KSR_Kunstsammlung_Chemnitz_3-scaled.jpg\",\"articleSection\":[\"Actual\"],\"inLanguage\":\"es\"},{\"@type\":\"WebPage\",\"@id\":\"https:\\\/\\\/schmidt-film.com\\\/es\\\/karl-schmitt-rottluff-pasion-y-rebelion\\\/\",\"url\":\"https:\\\/\\\/schmidt-film.com\\\/es\\\/karl-schmitt-rottluff-pasion-y-rebelion\\\/\",\"name\":\"Fechas de emisi\u00f3n - Karl Schmitt-Rottluff. - Anna Schmidt. schmidtFilm. Film- und Fernsehproduktion\",\"isPartOf\":{\"@id\":\"https:\\\/\\\/schmidt-film.com\\\/es\\\/#website\"},\"primaryImageOfPage\":{\"@id\":\"https:\\\/\\\/schmidt-film.com\\\/es\\\/karl-schmitt-rottluff-pasion-y-rebelion\\\/#primaryimage\"},\"image\":{\"@id\":\"https:\\\/\\\/schmidt-film.com\\\/es\\\/karl-schmitt-rottluff-pasion-y-rebelion\\\/#primaryimage\"},\"thumbnailUrl\":\"https:\\\/\\\/schmidt-film.com\\\/wp-content\\\/uploads\\\/2025\\\/03\\\/KSR_Kunstsammlung_Chemnitz_3-scaled.jpg\",\"datePublished\":\"2025-03-30T19:43:35+00:00\",\"dateModified\":\"2025-03-30T20:07:40+00:00\",\"description\":\"Fechas de emisi\u00f3n13.4. a las 16:45 arte PreviewChemnitz el 6.4. a las 14:00 en presencia del Ministro Presidente de Sajonia\",\"breadcrumb\":{\"@id\":\"https:\\\/\\\/schmidt-film.com\\\/es\\\/karl-schmitt-rottluff-pasion-y-rebelion\\\/#breadcrumb\"},\"inLanguage\":\"es\",\"potentialAction\":[{\"@type\":\"ReadAction\",\"target\":[\"https:\\\/\\\/schmidt-film.com\\\/es\\\/karl-schmitt-rottluff-pasion-y-rebelion\\\/\"]}]},{\"@type\":\"ImageObject\",\"inLanguage\":\"es\",\"@id\":\"https:\\\/\\\/schmidt-film.com\\\/es\\\/karl-schmitt-rottluff-pasion-y-rebelion\\\/#primaryimage\",\"url\":\"https:\\\/\\\/schmidt-film.com\\\/wp-content\\\/uploads\\\/2025\\\/03\\\/KSR_Kunstsammlung_Chemnitz_3-scaled.jpg\",\"contentUrl\":\"https:\\\/\\\/schmidt-film.com\\\/wp-content\\\/uploads\\\/2025\\\/03\\\/KSR_Kunstsammlung_Chemnitz_3-scaled.jpg\",\"width\":2560,\"height\":1440},{\"@type\":\"BreadcrumbList\",\"@id\":\"https:\\\/\\\/schmidt-film.com\\\/es\\\/karl-schmitt-rottluff-pasion-y-rebelion\\\/#breadcrumb\",\"itemListElement\":[{\"@type\":\"ListItem\",\"position\":1,\"name\":\"Startseite\",\"item\":\"https:\\\/\\\/schmidt-film.com\\\/es\\\/produccion-de-cine-y-television\\\/\"},{\"@type\":\"ListItem\",\"position\":2,\"name\":\"Fechas de emisi\u00f3n &#8211; Karl Schmitt-Rottluff.\"}]},{\"@type\":\"WebSite\",\"@id\":\"https:\\\/\\\/schmidt-film.com\\\/es\\\/#website\",\"url\":\"https:\\\/\\\/schmidt-film.com\\\/es\\\/\",\"name\":\"Schmidtfilm. Film- und Fernsehproduktion\",\"description\":\"Wir entwickeln und produzieren Dokumentarfilme, Reportagen, Image- und Kunstfilme. Spannend, bildstark und international. Seit fast 20 Jahren steht schmidtFilm f\u00fcr kluge Unterhaltung. Unsere Filme erz\u00e4hlen Geschichten, die spannend und unterhaltsam sind. Sie entdecken Menschen und Kulturen, Unbekanntes und f\u00fchren hinter das Offensichtliche.\",\"publisher\":{\"@id\":\"https:\\\/\\\/schmidt-film.com\\\/es\\\/#organization\"},\"potentialAction\":[{\"@type\":\"SearchAction\",\"target\":{\"@type\":\"EntryPoint\",\"urlTemplate\":\"https:\\\/\\\/schmidt-film.com\\\/es\\\/?s={search_term_string}\"},\"query-input\":{\"@type\":\"PropertyValueSpecification\",\"valueRequired\":true,\"valueName\":\"search_term_string\"}}],\"inLanguage\":\"es\"},{\"@type\":\"Organization\",\"@id\":\"https:\\\/\\\/schmidt-film.com\\\/es\\\/#organization\",\"name\":\"Schmidtfilm. Film- und Fernsehproduktion\",\"url\":\"https:\\\/\\\/schmidt-film.com\\\/es\\\/\",\"logo\":{\"@type\":\"ImageObject\",\"inLanguage\":\"es\",\"@id\":\"https:\\\/\\\/schmidt-film.com\\\/es\\\/#\\\/schema\\\/logo\\\/image\\\/\",\"url\":\"https:\\\/\\\/schmidt-film.com\\\/wp-content\\\/uploads\\\/2024\\\/02\\\/AS_Logo_schwarz.jpg\",\"contentUrl\":\"https:\\\/\\\/schmidt-film.com\\\/wp-content\\\/uploads\\\/2024\\\/02\\\/AS_Logo_schwarz.jpg\",\"width\":144,\"height\":58,\"caption\":\"Schmidtfilm. Film- und Fernsehproduktion\"},\"image\":{\"@id\":\"https:\\\/\\\/schmidt-film.com\\\/es\\\/#\\\/schema\\\/logo\\\/image\\\/\"}},{\"@type\":\"Person\",\"@id\":\"https:\\\/\\\/schmidt-film.com\\\/es\\\/#\\\/schema\\\/person\\\/583d534a9569fcf1788758e42f8ebc59\",\"name\":\"schmidtfilm\",\"sameAs\":[\"https:\\\/\\\/schmidt-film.com\"],\"url\":\"https:\\\/\\\/schmidt-film.com\\\/es\\\/author\\\/schmidtfilm\\\/\"}]}<\/script>\n<!-- \/ Yoast SEO plugin. -->","yoast_head_json":{"title":"Fechas de emisi\u00f3n - Karl Schmitt-Rottluff. - Anna Schmidt. schmidtFilm. Film- und Fernsehproduktion","description":"Fechas de emisi\u00f3n13.4. a las 16:45 arte PreviewChemnitz el 6.4. a las 14:00 en presencia del Ministro Presidente de Sajonia","robots":{"index":"index","follow":"follow","max-snippet":"max-snippet:-1","max-image-preview":"max-image-preview:large","max-video-preview":"max-video-preview:-1"},"canonical":"https:\/\/schmidt-film.com\/es\/karl-schmitt-rottluff-pasion-y-rebelion\/","og_locale":"es_ES","og_type":"article","og_title":"Fechas de emisi\u00f3n - Karl Schmitt-Rottluff. - Anna Schmidt. schmidtFilm. Film- und Fernsehproduktion","og_description":"Fechas de emisi\u00f3n13.4. a las 16:45 arte PreviewChemnitz el 6.4. a las 14:00 en presencia del Ministro Presidente de Sajonia","og_url":"https:\/\/schmidt-film.com\/es\/karl-schmitt-rottluff-pasion-y-rebelion\/","og_site_name":"Anna Schmidt. schmidtFilm. Film- und Fernsehproduktion","article_published_time":"2025-03-30T19:43:35+00:00","article_modified_time":"2025-03-30T20:07:40+00:00","og_image":[{"width":2560,"height":1440,"url":"https:\/\/schmidt-film.com\/wp-content\/uploads\/2025\/03\/KSR_Kunstsammlung_Chemnitz_3-scaled.jpg","type":"image\/jpeg"}],"author":"schmidtfilm","twitter_card":"summary_large_image","twitter_misc":{"Escrito por":"schmidtfilm"},"schema":{"@context":"https:\/\/schema.org","@graph":[{"@type":"Article","@id":"https:\/\/schmidt-film.com\/es\/karl-schmitt-rottluff-pasion-y-rebelion\/#article","isPartOf":{"@id":"https:\/\/schmidt-film.com\/es\/karl-schmitt-rottluff-pasion-y-rebelion\/"},"author":{"name":"schmidtfilm","@id":"https:\/\/schmidt-film.com\/es\/#\/schema\/person\/583d534a9569fcf1788758e42f8ebc59"},"headline":"Fechas de emisi\u00f3n &#8211; Karl Schmitt-Rottluff.","datePublished":"2025-03-30T19:43:35+00:00","dateModified":"2025-03-30T20:07:40+00:00","mainEntityOfPage":{"@id":"https:\/\/schmidt-film.com\/es\/karl-schmitt-rottluff-pasion-y-rebelion\/"},"wordCount":31,"publisher":{"@id":"https:\/\/schmidt-film.com\/es\/#organization"},"image":{"@id":"https:\/\/schmidt-film.com\/es\/karl-schmitt-rottluff-pasion-y-rebelion\/#primaryimage"},"thumbnailUrl":"https:\/\/schmidt-film.com\/wp-content\/uploads\/2025\/03\/KSR_Kunstsammlung_Chemnitz_3-scaled.jpg","articleSection":["Actual"],"inLanguage":"es"},{"@type":"WebPage","@id":"https:\/\/schmidt-film.com\/es\/karl-schmitt-rottluff-pasion-y-rebelion\/","url":"https:\/\/schmidt-film.com\/es\/karl-schmitt-rottluff-pasion-y-rebelion\/","name":"Fechas de emisi\u00f3n - Karl Schmitt-Rottluff. - Anna Schmidt. schmidtFilm. Film- und Fernsehproduktion","isPartOf":{"@id":"https:\/\/schmidt-film.com\/es\/#website"},"primaryImageOfPage":{"@id":"https:\/\/schmidt-film.com\/es\/karl-schmitt-rottluff-pasion-y-rebelion\/#primaryimage"},"image":{"@id":"https:\/\/schmidt-film.com\/es\/karl-schmitt-rottluff-pasion-y-rebelion\/#primaryimage"},"thumbnailUrl":"https:\/\/schmidt-film.com\/wp-content\/uploads\/2025\/03\/KSR_Kunstsammlung_Chemnitz_3-scaled.jpg","datePublished":"2025-03-30T19:43:35+00:00","dateModified":"2025-03-30T20:07:40+00:00","description":"Fechas de emisi\u00f3n13.4. a las 16:45 arte PreviewChemnitz el 6.4. a las 14:00 en presencia del Ministro Presidente de Sajonia","breadcrumb":{"@id":"https:\/\/schmidt-film.com\/es\/karl-schmitt-rottluff-pasion-y-rebelion\/#breadcrumb"},"inLanguage":"es","potentialAction":[{"@type":"ReadAction","target":["https:\/\/schmidt-film.com\/es\/karl-schmitt-rottluff-pasion-y-rebelion\/"]}]},{"@type":"ImageObject","inLanguage":"es","@id":"https:\/\/schmidt-film.com\/es\/karl-schmitt-rottluff-pasion-y-rebelion\/#primaryimage","url":"https:\/\/schmidt-film.com\/wp-content\/uploads\/2025\/03\/KSR_Kunstsammlung_Chemnitz_3-scaled.jpg","contentUrl":"https:\/\/schmidt-film.com\/wp-content\/uploads\/2025\/03\/KSR_Kunstsammlung_Chemnitz_3-scaled.jpg","width":2560,"height":1440},{"@type":"BreadcrumbList","@id":"https:\/\/schmidt-film.com\/es\/karl-schmitt-rottluff-pasion-y-rebelion\/#breadcrumb","itemListElement":[{"@type":"ListItem","position":1,"name":"Startseite","item":"https:\/\/schmidt-film.com\/es\/produccion-de-cine-y-television\/"},{"@type":"ListItem","position":2,"name":"Fechas de emisi\u00f3n &#8211; Karl Schmitt-Rottluff."}]},{"@type":"WebSite","@id":"https:\/\/schmidt-film.com\/es\/#website","url":"https:\/\/schmidt-film.com\/es\/","name":"Schmidtfilm. Film- und Fernsehproduktion","description":"Wir entwickeln und produzieren Dokumentarfilme, Reportagen, Image- und Kunstfilme. Spannend, bildstark und international. Seit fast 20 Jahren steht schmidtFilm f\u00fcr kluge Unterhaltung. Unsere Filme erz\u00e4hlen Geschichten, die spannend und unterhaltsam sind. Sie entdecken Menschen und Kulturen, Unbekanntes und f\u00fchren hinter das Offensichtliche.","publisher":{"@id":"https:\/\/schmidt-film.com\/es\/#organization"},"potentialAction":[{"@type":"SearchAction","target":{"@type":"EntryPoint","urlTemplate":"https:\/\/schmidt-film.com\/es\/?s={search_term_string}"},"query-input":{"@type":"PropertyValueSpecification","valueRequired":true,"valueName":"search_term_string"}}],"inLanguage":"es"},{"@type":"Organization","@id":"https:\/\/schmidt-film.com\/es\/#organization","name":"Schmidtfilm. Film- und Fernsehproduktion","url":"https:\/\/schmidt-film.com\/es\/","logo":{"@type":"ImageObject","inLanguage":"es","@id":"https:\/\/schmidt-film.com\/es\/#\/schema\/logo\/image\/","url":"https:\/\/schmidt-film.com\/wp-content\/uploads\/2024\/02\/AS_Logo_schwarz.jpg","contentUrl":"https:\/\/schmidt-film.com\/wp-content\/uploads\/2024\/02\/AS_Logo_schwarz.jpg","width":144,"height":58,"caption":"Schmidtfilm. Film- und Fernsehproduktion"},"image":{"@id":"https:\/\/schmidt-film.com\/es\/#\/schema\/logo\/image\/"}},{"@type":"Person","@id":"https:\/\/schmidt-film.com\/es\/#\/schema\/person\/583d534a9569fcf1788758e42f8ebc59","name":"schmidtfilm","sameAs":["https:\/\/schmidt-film.com"],"url":"https:\/\/schmidt-film.com\/es\/author\/schmidtfilm\/"}]}},"_links":{"self":[{"href":"https:\/\/schmidt-film.com\/es\/wp-json\/wp\/v2\/posts\/1489","targetHints":{"allow":["GET"]}}],"collection":[{"href":"https:\/\/schmidt-film.com\/es\/wp-json\/wp\/v2\/posts"}],"about":[{"href":"https:\/\/schmidt-film.com\/es\/wp-json\/wp\/v2\/types\/post"}],"author":[{"embeddable":true,"href":"https:\/\/schmidt-film.com\/es\/wp-json\/wp\/v2\/users\/1"}],"replies":[{"embeddable":true,"href":"https:\/\/schmidt-film.com\/es\/wp-json\/wp\/v2\/comments?post=1489"}],"version-history":[{"count":0,"href":"https:\/\/schmidt-film.com\/es\/wp-json\/wp\/v2\/posts\/1489\/revisions"}],"wp:featuredmedia":[{"embeddable":true,"href":"https:\/\/schmidt-film.com\/es\/wp-json\/wp\/v2\/media\/776"}],"wp:attachment":[{"href":"https:\/\/schmidt-film.com\/es\/wp-json\/wp\/v2\/media?parent=1489"}],"wp:term":[{"taxonomy":"category","embeddable":true,"href":"https:\/\/schmidt-film.com\/es\/wp-json\/wp\/v2\/categories?post=1489"},{"taxonomy":"post_tag","embeddable":true,"href":"https:\/\/schmidt-film.com\/es\/wp-json\/wp\/v2\/tags?post=1489"}],"curies":[{"name":"wp","href":"https:\/\/api.w.org\/{rel}","templated":true}]}}